{"id":3264,"date":"2025-08-18T09:00:04","date_gmt":"2025-08-18T09:00:04","guid":{"rendered":"https:\/\/belgianobserver.be\/non-categorise\/european-leaders-to-join-zelensky-in-trump-meeting\/"},"modified":"2025-08-19T06:55:28","modified_gmt":"2025-08-19T06:55:28","slug":"les-dirigeants-europeens-se-joindront-a-zelensky-lors-de-la-reunion-avec-trump","status":"publish","type":"post","link":"https:\/\/belgianobserver.be\/fr\/actualites\/guerre\/les-dirigeants-europeens-se-joindront-a-zelensky-lors-de-la-reunion-avec-trump\/","title":{"rendered":"Les dirigeants europ\u00e9ens se joindront \u00e0 Zelensky lors de la r\u00e9union avec Trump"},"content":{"rendered":"<p>Bruxelles, Belgique \u2014 Les dirigeants europ\u00e9ens ont annonc\u00e9 lundi qu&rsquo;ils se joindraient au pr\u00e9sident ukrainien Volodymyr Zelensky pour des discussions avec le pr\u00e9sident am\u00e9ricain Donald Trump, afin de trouver un moyen de mettre fin \u00e0 l&rsquo;offensive russe.<\/p>\n<p>Trump a rencontr\u00e9 le pr\u00e9sident russe Vladimir Poutine en Alaska vendredi, mais les discussions n&rsquo;ont pas permis d&rsquo;aboutir \u00e0 un cessez-le-feu. L&rsquo;envoy\u00e9 de la Maison Blanche, Steve Witkoff, a toutefois d\u00e9clar\u00e9 que les deux dirigeants avaient convenu de fournir de \u00ab solides garanties de s\u00e9curit\u00e9 \u00bb \u00e0 l&rsquo;Ukraine.<\/p>\n<p>La pr\u00e9sidente de la Commission europ\u00e9enne, Ursula von der Leyen, a salu\u00e9 la nouvelle, mais Zelensky, s&rsquo;exprimant \u00e0 ses c\u00f4t\u00e9s lors d&rsquo;une conf\u00e9rence de presse \u00e0 Bruxelles, a rejet\u00e9 l&rsquo;id\u00e9e que la Russie offre des garanties de s\u00e9curit\u00e9 \u00e0 son pays.<\/p>\n<p><a href=\"https:\/\/www.manilatimes.net\/2025\/08\/18\/world\/americas-emea\/european-leaders-to-join-zelensky-in-trump-meeting\/2169274\" target=\"_blank\" rel=\"noopener\">Lire l&rsquo;article complet<\/a><\/p>\n","protected":false},"excerpt":{"rendered":"<p>Bruxelles, Belgique \u2014 Les dirigeants europ\u00e9ens ont annonc\u00e9 lundi qu&rsquo;ils  [&#8230;]<\/p>\n","protected":false},"author":2,"featured_media":3247,"comment_status":"open","ping_status":"open","sticky":false,"template":"","format":"standard","meta":{"footnotes":""},"categories":[154,149,150],"tags":[],"class_list":["post-3264","post","type-post","status-publish","format-standard","has-post-thumbnail","hentry","category-guerre","category-actualites","category-belgique"],"_links":{"self":[{"href":"https:\/\/belgianobserver.be\/fr\/wp-json\/wp\/v2\/posts\/3264","targetHints":{"allow":["GET"]}}],"collection":[{"href":"https:\/\/belgianobserver.be\/fr\/wp-json\/wp\/v2\/posts"}],"about":[{"href":"https:\/\/belgianobserver.be\/fr\/wp-json\/wp\/v2\/types\/post"}],"author":[{"embeddable":true,"href":"https:\/\/belgianobserver.be\/fr\/wp-json\/wp\/v2\/users\/2"}],"replies":[{"embeddable":true,"href":"https:\/\/belgianobserver.be\/fr\/wp-json\/wp\/v2\/comments?post=3264"}],"version-history":[{"count":1,"href":"https:\/\/belgianobserver.be\/fr\/wp-json\/wp\/v2\/posts\/3264\/revisions"}],"predecessor-version":[{"id":3265,"href":"https:\/\/belgianobserver.be\/fr\/wp-json\/wp\/v2\/posts\/3264\/revisions\/3265"}],"wp:featuredmedia":[{"embeddable":true,"href":"https:\/\/belgianobserver.be\/fr\/wp-json\/wp\/v2\/media\/3247"}],"wp:attachment":[{"href":"https:\/\/belgianobserver.be\/fr\/wp-json\/wp\/v2\/media?parent=3264"}],"wp:term":[{"taxonomy":"category","embeddable":true,"href":"https:\/\/belgianobserver.be\/fr\/wp-json\/wp\/v2\/categories?post=3264"},{"taxonomy":"post_tag","embeddable":true,"href":"https:\/\/belgianobserver.be\/fr\/wp-json\/wp\/v2\/tags?post=3264"}],"curies":[{"name":"wp","href":"https:\/\/api.w.org\/{rel}","templated":true}]}}