{"id":3151,"date":"2025-08-15T05:19:20","date_gmt":"2025-08-15T05:19:20","guid":{"rendered":"https:\/\/belgianobserver.be\/non-categorise\/alex-de-minaur-and-alexei-popyrin-to-lead-australian-davis-cup-team-for-sydney-clash-with-belgium\/"},"modified":"2025-08-15T05:29:00","modified_gmt":"2025-08-15T05:29:00","slug":"alex-de-minaur-and-alexei-popyrin-to-lead-australian-davis-cup-team-for-sydney-clash-with-belgium","status":"publish","type":"post","link":"https:\/\/belgianobserver.be\/fr\/sport-fr\/alex-de-minaur-and-alexei-popyrin-to-lead-australian-davis-cup-team-for-sydney-clash-with-belgium\/","title":{"rendered":"Alex de Minaur et Alexei Popyrin m\u00e8neront l&rsquo;\u00e9quipe australienne de Coupe Davis pour le choc de Sydney contre la Belgique"},"content":{"rendered":"<p>Les trois meilleurs joueurs australiens, Alex de Minaur en t\u00eate d&rsquo;affiche, d\u00e9fendront les couleurs australiennes lors du match de Coupe Davis contre la Belgique \u00e0 Sydney en septembre.<\/p>\n<p>Mais les blessures ont une fois de plus an\u00e9anti les espoirs de s\u00e9lection de Nick Kyrgios, qui s&rsquo;\u00e9tait vu refuser une place en double contre la Su\u00e8de en f\u00e9vrier, alors que sa carri\u00e8re sur le terrain se poursuit en dents de scie.<\/p>\n<p>L&rsquo;\u00e9quipe du capitaine Lleyton Hewitt, class\u00e9e n\u00b0 2 mondiale, vise une quatri\u00e8me participation cons\u00e9cutive au Final 8 de la Coupe Davis en Italie en novembre.<\/p>\n<p>Il a choisi de Minaur, Alexei Popyrin, le guerrier Jordan Thompson et le sp\u00e9cialiste du double Matt Ebden pour le deuxi\u00e8me tour.<\/p>\n<p>\u00ab Alex de Minaur adore jouer en Australie, et encore plus \u00e0 la Ken Rosewall Arena. Il a l&rsquo;impression d&rsquo;\u00eatre chez lui \u00bb, a d\u00e9clar\u00e9 Hewitt.<\/p>\n<p>Il a d\u00e9j\u00e0 disput\u00e9 de grands matchs sur ce court, notamment aux Internationaux de Sydney, en Coupe Davis et en United Cup. Il a vraiment h\u00e2te d&rsquo;y retourner.<\/p>\n<p>Alex est un joueur du top 10 et a r\u00e9alis\u00e9 une saison fantastique, se pla\u00e7ant parmi les meilleurs dans tous les grands tournois.<\/p>\n<p>Alexei Popyrin a de nouveau r\u00e9alis\u00e9 un excellent parcours \u00e0 l&rsquo;Open du Canada \u00e0 Toronto, notamment en tant que tenant du titre. J&rsquo;esp\u00e8re qu&rsquo;il gagnera en confiance lors de son passage aux \u00c9tats-Unis. Il sera un joueur cl\u00e9 pour nous lors de la rencontre de Coupe Davis.<\/p>\n<p>Jordan Thompson a \u00e9t\u00e9 bless\u00e9 quelques fois cette ann\u00e9e, mais il a \u00e9t\u00e9 tr\u00e8s solide \u00e0 chaque fois qu&rsquo;il est entr\u00e9 sur le court. Il a r\u00e9alis\u00e9 un bon parcours \u00e0 Wimbledon, en simple et en double, et \u00e9videmment, avec Matty Ebden en double, ils ont d\u00e9j\u00e0 disput\u00e9 de grands matchs de Coupe Davis pour nous. C&rsquo;est une bonne chose d&rsquo;avoir ces quatre joueurs \u00e0 notre disposition.<\/p>\n<p>Ce sera la 13e participation de De Minaur \u00e0 la Coupe Davis, apr\u00e8s avoir fait son retour dans le top 10 mondial apr\u00e8s avoir remport\u00e9 son 10e titre en simple \u00e0 Washington le mois dernier.<\/p>\n<p>Popyrin a \u00e9galement atteint le 19e rang mondial, son meilleur classement en carri\u00e8re, devenant ainsi le septi\u00e8me Australien, derri\u00e8re Pat Rafter, Lleyton Hewitt, Mark Philippoussis, Nick Kyrgios, Bernard Tomic et De Minaur, \u00e0 int\u00e9grer le top 20 mondial.<\/p>\n<p class=\"css-9cqv6l-StyledPNParagraph e8utp6u0\"><a href=\"https:\/\/www.perthnow.com.au\/sport\/tennis\/alex-de-minaur-and-alexei-popyrin-to-lead-australian-davis-cup-team-for-sydney-clash-with-belgium-c-19689029\" target=\"_blank\" rel=\"noopener\">Lire l&rsquo;article complet<\/a><\/p>\n","protected":false},"excerpt":{"rendered":"<p>Les trois meilleurs joueurs australiens, Alex de Minaur en t\u00eate  [&#8230;]<\/p>\n","protected":false},"author":2,"featured_media":3142,"comment_status":"open","ping_status":"open","sticky":false,"template":"","format":"standard","meta":{"footnotes":""},"categories":[160,150],"tags":[],"class_list":["post-3151","post","type-post","status-publish","format-standard","has-post-thumbnail","hentry","category-sport-fr","category-belgique"],"_links":{"self":[{"href":"https:\/\/belgianobserver.be\/fr\/wp-json\/wp\/v2\/posts\/3151","targetHints":{"allow":["GET"]}}],"collection":[{"href":"https:\/\/belgianobserver.be\/fr\/wp-json\/wp\/v2\/posts"}],"about":[{"href":"https:\/\/belgianobserver.be\/fr\/wp-json\/wp\/v2\/types\/post"}],"author":[{"embeddable":true,"href":"https:\/\/belgianobserver.be\/fr\/wp-json\/wp\/v2\/users\/2"}],"replies":[{"embeddable":true,"href":"https:\/\/belgianobserver.be\/fr\/wp-json\/wp\/v2\/comments?post=3151"}],"version-history":[{"count":1,"href":"https:\/\/belgianobserver.be\/fr\/wp-json\/wp\/v2\/posts\/3151\/revisions"}],"predecessor-version":[{"id":3152,"href":"https:\/\/belgianobserver.be\/fr\/wp-json\/wp\/v2\/posts\/3151\/revisions\/3152"}],"wp:featuredmedia":[{"embeddable":true,"href":"https:\/\/belgianobserver.be\/fr\/wp-json\/wp\/v2\/media\/3142"}],"wp:attachment":[{"href":"https:\/\/belgianobserver.be\/fr\/wp-json\/wp\/v2\/media?parent=3151"}],"wp:term":[{"taxonomy":"category","embeddable":true,"href":"https:\/\/belgianobserver.be\/fr\/wp-json\/wp\/v2\/categories?post=3151"},{"taxonomy":"post_tag","embeddable":true,"href":"https:\/\/belgianobserver.be\/fr\/wp-json\/wp\/v2\/tags?post=3151"}],"curies":[{"name":"wp","href":"https:\/\/api.w.org\/{rel}","templated":true}]}}