{"id":3034,"date":"2025-08-08T21:00:04","date_gmt":"2025-08-08T21:00:04","guid":{"rendered":"https:\/\/belgianobserver.be\/non-categorise\/la-belgique-convoque-lambassadeur-disrael-au-sujet-de-son-projet-a-gaza\/"},"modified":"2025-08-08T21:00:04","modified_gmt":"2025-08-08T21:00:04","slug":"la-belgique-convoque-lambassadeur-disrael-au-sujet-de-son-projet-a-gaza","status":"publish","type":"post","link":"https:\/\/belgianobserver.be\/fr\/actualites\/la-belgique-convoque-lambassadeur-disrael-au-sujet-de-son-projet-a-gaza\/","title":{"rendered":"La Belgique convoque l&rsquo;ambassadeur d&rsquo;Isra\u00ebl au sujet de son projet \u00e0 Gaza"},"content":{"rendered":"<p>Le ministre belge des Affaires \u00e9trang\u00e8res a convoqu\u00e9 vendredi l&rsquo;ambassadeur isra\u00e9lien, invoquant le projet annonc\u00e9 par Isra\u00ebl d&rsquo;occuper la ville de Gaza et de prendre le contr\u00f4le militaire de la bande de Gaza.<\/p>\n<p>Le ministre belge des Affaires \u00e9trang\u00e8res a convoqu\u00e9 vendredi l&rsquo;ambassadeur isra\u00e9lien, invoquant le projet annonc\u00e9 par Isra\u00ebl d&rsquo;occuper la ville de Gaza et de prendre le contr\u00f4le militaire de la bande de Gaza.<\/p>\n<p>Dans un communiqu\u00e9, le minist\u00e8re a d\u00e9clar\u00e9 que la Belgique souhaitait \u00ab\u00a0exprimer sa totale d\u00e9sapprobation de cette d\u00e9cision, mais aussi de la poursuite de la colonisation\u2026 et de la volont\u00e9 d&rsquo;annexer la Cisjordanie\u00a0\u00bb, ajoutant qu&rsquo;elle \u00ab\u00a0militerait vigoureusement\u00a0\u00bb pour un retour en arri\u00e8re.<\/p>\n<p>Lire l&rsquo;article complet<\/p>\n","protected":false},"excerpt":{"rendered":"<p>Le ministre belge des Affaires \u00e9trang\u00e8res a convoqu\u00e9 vendredi l&rsquo;ambassadeur  [&#8230;]<\/p>\n","protected":false},"author":2,"featured_media":3017,"comment_status":"open","ping_status":"open","sticky":false,"template":"","format":"standard","meta":{"footnotes":""},"categories":[149,150,154,153],"tags":[187,185,183],"class_list":["post-3034","post","type-post","status-publish","format-standard","has-post-thumbnail","hentry","category-actualites","category-belgique","category-guerre","category-politique","tag-choix-de-lediteur","tag-guerre","tag-vie"],"_links":{"self":[{"href":"https:\/\/belgianobserver.be\/fr\/wp-json\/wp\/v2\/posts\/3034","targetHints":{"allow":["GET"]}}],"collection":[{"href":"https:\/\/belgianobserver.be\/fr\/wp-json\/wp\/v2\/posts"}],"about":[{"href":"https:\/\/belgianobserver.be\/fr\/wp-json\/wp\/v2\/types\/post"}],"author":[{"embeddable":true,"href":"https:\/\/belgianobserver.be\/fr\/wp-json\/wp\/v2\/users\/2"}],"replies":[{"embeddable":true,"href":"https:\/\/belgianobserver.be\/fr\/wp-json\/wp\/v2\/comments?post=3034"}],"version-history":[{"count":0,"href":"https:\/\/belgianobserver.be\/fr\/wp-json\/wp\/v2\/posts\/3034\/revisions"}],"wp:featuredmedia":[{"embeddable":true,"href":"https:\/\/belgianobserver.be\/fr\/wp-json\/wp\/v2\/media\/3017"}],"wp:attachment":[{"href":"https:\/\/belgianobserver.be\/fr\/wp-json\/wp\/v2\/media?parent=3034"}],"wp:term":[{"taxonomy":"category","embeddable":true,"href":"https:\/\/belgianobserver.be\/fr\/wp-json\/wp\/v2\/categories?post=3034"},{"taxonomy":"post_tag","embeddable":true,"href":"https:\/\/belgianobserver.be\/fr\/wp-json\/wp\/v2\/tags?post=3034"}],"curies":[{"name":"wp","href":"https:\/\/api.w.org\/{rel}","templated":true}]}}